{"id":2201,"date":"2026-08-31T11:17:00","date_gmt":"2026-08-31T11:17:00","guid":{"rendered":"https:\/\/stanic.hr\/?p=2201"},"modified":"2026-08-31T13:13:58","modified_gmt":"2026-08-31T13:13:58","slug":"najam-paletnih-mjesta-soblinec-2","status":"publish","type":"post","link":"https:\/\/stanic.hr\/en\/najam-paletnih-mjesta-soblinec-2\/","title":{"rendered":"NAJAM PALETNIH MJESTA U MINUS TEMPERATURNOM RE\u017dIMU \u2013 SOBLINEC"},"content":{"rendered":"<div data-elementor-type=\"wp-post\" data-elementor-id=\"2201\" class=\"elementor elementor-2201\" data-elementor-post-type=\"post\">\n\t\t\t\t\t\t<section class=\"elementor-section elementor-top-section elementor-element elementor-element-519a21e elementor-section-boxed elementor-section-height-default elementor-section-height-default\" data-id=\"519a21e\" data-element_type=\"section\" data-e-type=\"section\">\n\t\t\t\t\t\t<div class=\"elementor-container elementor-column-gap-default\">\n\t\t\t\t\t<div class=\"aux-parallax-section elementor-column elementor-col-100 elementor-top-column elementor-element elementor-element-4619460\" data-id=\"4619460\" data-element_type=\"column\" data-e-type=\"column\">\n\t\t\t<div class=\"elementor-widget-wrap\">\n\t\t\t\t\t\t\t<\/div>\n\t\t<\/div>\n\t\t\t\t\t<\/div>\n\t\t<\/section>\n\t\t\t\t<section class=\"elementor-section elementor-top-section elementor-element elementor-element-bbe3d40 elementor-section-boxed elementor-section-height-default elementor-section-height-default\" data-id=\"bbe3d40\" data-element_type=\"section\" data-e-type=\"section\">\n\t\t\t\t\t\t<div class=\"elementor-container elementor-column-gap-default\">\n\t\t\t\t\t<div class=\"aux-parallax-section elementor-column elementor-col-100 elementor-top-column elementor-element elementor-element-25000c3\" data-id=\"25000c3\" data-element_type=\"column\" data-e-type=\"column\">\n\t\t\t<div class=\"elementor-widget-wrap elementor-element-populated\">\n\t\t\t\t\t\t<div class=\"elementor-element elementor-element-e3d6d12 elementor-widget elementor-widget-aux_modern_heading\" data-id=\"e3d6d12\" data-element_type=\"widget\" data-e-type=\"widget\" data-widget_type=\"aux_modern_heading.default\">\n\t\t\t\t<div class=\"elementor-widget-container\">\n\t\t\t\t\t<section class=\"aux-widget-modern-heading\">\n            <div class=\"aux-widget-inner\"><h2 class=\"aux-modern-heading-primary\">NAJAM PALETNIH MJESTA U MINUS TEMPERATURNOM RE\u017dIMU \u2013 SOBLINEC<\/h2><div class=\"aux-modern-heading-divider\"><\/div><h3 class=\"aux-modern-heading-secondary\"><span class=\"aux-head-after\">Najam paletnih mjesta u Soblincu za robu koja zahtijeva \u010duvanje na niskim temperaturama<\/span><\/h3><\/div>\n        <\/section>\t\t\t\t<\/div>\n\t\t\t\t<\/div>\n\t\t\t\t\t<\/div>\n\t\t<\/div>\n\t\t\t\t\t<\/div>\n\t\t<\/section>\n\t\t\t\t<section class=\"elementor-section elementor-top-section elementor-element elementor-element-1c61a42 elementor-section-boxed elementor-section-height-default elementor-section-height-default\" data-id=\"1c61a42\" data-element_type=\"section\" data-e-type=\"section\">\n\t\t\t\t\t\t<div class=\"elementor-container elementor-column-gap-default\">\n\t\t\t\t\t<div class=\"aux-parallax-section elementor-column elementor-col-100 elementor-top-column elementor-element elementor-element-dbf4430\" data-id=\"dbf4430\" data-element_type=\"column\" data-e-type=\"column\">\n\t\t\t<div class=\"elementor-widget-wrap elementor-element-populated\">\n\t\t\t\t\t\t<div class=\"elementor-element elementor-element-0a91af5 elementor-widget elementor-widget-aux_modern_heading\" data-id=\"0a91af5\" data-element_type=\"widget\" data-e-type=\"widget\" data-widget_type=\"aux_modern_heading.default\">\n\t\t\t\t<div class=\"elementor-widget-container\">\n\t\t\t\t\t<section class=\"aux-widget-modern-heading\">\n            <div class=\"aux-widget-inner\"><h2 class=\"aux-modern-heading-primary\"><\/h2><div class=\"aux-modern-heading-description\"><p style=\"font-weight: 400\">Soblinec je atraktivna lokacija u isto\u010dnom dijelu Zagreba, u blizini autoputa, koja zahvaljuju\u0107i svojoj strate\u0161koj lokaciji i razvijenoj infrastrukturi nudi izvrsne mogu\u0107nosti za skladi\u0161tenje robe.<\/p>\n<p style=\"font-weight: 400\">Nudimo <strong>najam paletnih mjesta u minus temperaturnom re\u017eimu<\/strong>, idealan za robu koja zahtijeva skladi\u0161tenje i \u010duvanje na niskim temperaturama.<\/p>\n<p style=\"font-weight: 400\">Bez obzira na koli\u010dinu robe koju trebate skladi\u0161titi, nudimo fleksibilna rje\u0161enja prilago\u0111ena va\u0161im specifi\u010dnim potrebama.<\/p>\n<p style=\"font-weight: 400\">Skladi\u0161ni prostor opremljen je odgovaraju\u0107om infrastrukturom koja omogu\u0107uje u\u010dinkovito upravljanje zalihama, sigurno skladi\u0161tenje te brz i jednostavan pristup va\u0161oj robi.<\/p>\n<p style=\"font-weight: 400\">Tako\u0111er, nudimo <strong>osiguran istovar i utovar robe s na\u0161e strane<\/strong>, \u010dime vam dodatno olak\u0161avamo logisti\u010dki proces.<\/p>\n<p style=\"font-weight: 400\">Uz skladi\u0161tenje u ambijentalnom temperaturnom re\u017eimu, na lokaciji u Soblincu raspola\u017eemo i kapacitetima za <strong>skladi\u0161tenje robe u minus temperaturnom re\u017eimu<\/strong>, odnosno rashladnim komorama namijenjenima robi koja zahtijeva kontinuirano \u010duvanje na niskim temperaturama.<\/p>\n<p style=\"font-weight: 400\"><strong>Lokacija skladi\u0161ta:<\/strong> Soblinec, Sobline\u010dka cesta 32, Gajac.<\/p><\/div><\/div>\n        <\/section>\t\t\t\t<\/div>\n\t\t\t\t<\/div>\n\t\t\t\t\t<\/div>\n\t\t<\/div>\n\t\t\t\t\t<\/div>\n\t\t<\/section>\n\t\t\t\t<section class=\"elementor-section elementor-top-section elementor-element elementor-element-d2fcbd8 elementor-section-boxed elementor-section-height-default elementor-section-height-default\" data-id=\"d2fcbd8\" data-element_type=\"section\" data-e-type=\"section\">\n\t\t\t\t\t\t<div class=\"elementor-container elementor-column-gap-default\">\n\t\t\t\t\t<div class=\"aux-parallax-section elementor-column elementor-col-100 elementor-top-column elementor-element elementor-element-125b6dd\" data-id=\"125b6dd\" data-element_type=\"column\" data-e-type=\"column\">\n\t\t\t<div class=\"elementor-widget-wrap elementor-element-populated\">\n\t\t\t\t\t\t<div class=\"elementor-element elementor-element-fb1829c elementor-widget-divider--view-line_icon elementor-view-default elementor-widget-divider--element-align-center elementor-widget elementor-widget-divider\" data-id=\"fb1829c\" data-element_type=\"widget\" data-e-type=\"widget\" data-widget_type=\"divider.default\">\n\t\t\t\t<div class=\"elementor-widget-container\">\n\t\t\t\t\t\t\t<div class=\"elementor-divider\">\n\t\t\t<span class=\"elementor-divider-separator\">\n\t\t\t\t\t\t\t<div class=\"elementor-icon elementor-divider__element\">\n\t\t\t\t\t<i aria-hidden=\"true\" class=\"fas fa-truck\"><\/i><\/div>\n\t\t\t\t\t\t<\/span>\n\t\t<\/div>\n\t\t\t\t\t\t<\/div>\n\t\t\t\t<\/div>\n\t\t\t\t\t<\/div>\n\t\t<\/div>\n\t\t\t\t\t<\/div>\n\t\t<\/section>\n\t\t\t\t<section class=\"elementor-section elementor-top-section elementor-element elementor-element-75acd59 elementor-section-boxed elementor-section-height-default elementor-section-height-default\" data-id=\"75acd59\" data-element_type=\"section\" data-e-type=\"section\">\n\t\t\t\t\t\t<div class=\"elementor-container elementor-column-gap-default\">\n\t\t\t\t\t<div class=\"aux-parallax-section elementor-column elementor-col-100 elementor-top-column elementor-element elementor-element-d751d85\" data-id=\"d751d85\" data-element_type=\"column\" data-e-type=\"column\">\n\t\t\t<div class=\"elementor-widget-wrap elementor-element-populated\">\n\t\t\t\t\t\t<div class=\"elementor-element elementor-element-37b6612 elementor-widget elementor-widget-text-editor\" data-id=\"37b6612\" data-element_type=\"widget\" data-e-type=\"widget\" data-widget_type=\"text-editor.default\">\n\t\t\t\t<div class=\"elementor-widget-container\">\n\t\t\t\t\t\t\t\t\t<p class=\"translation-block\">Contact us today via email at <a title=\"mailto:stanic@stanic.hr\" href=\"mailto:stanic@stanic.hr\" data-ogsc=\"\" target=\"_self\">stanic@stanic.hr<\/a> or by phone at  <a href=\"tel:+385 91 2481 521.\" target=\"_self\">+385 91 2481 521.<\/a><\/p>\t\t\t\t\t\t\t\t<\/div>\n\t\t\t\t<\/div>\n\t\t\t\t\t<\/div>\n\t\t<\/div>\n\t\t\t\t\t<\/div>\n\t\t<\/section>\n\t\t\t\t<\/div>","protected":false},"excerpt":{"rendered":"<p>NAJAM PALETNIH MJESTA U MINUS TEMPERATURNOM RE\u017dIMU \u2013 SOBLINEC Najam paletnih mjesta u Soblincu za robu koja zahtijeva \u010duvanje na niskim temperaturama Soblinec je atraktivna lokacija u isto\u010dnom dijelu Zagreba, u blizini autoputa, koja zahvaljuju\u0107i svojoj strate\u0161koj lokaciji i razvijenoj infrastrukturi nudi izvrsne mogu\u0107nosti za skladi\u0161tenje robe. Nudimo najam paletnih mjesta u minus temperaturnom re\u017eimu, [&hellip;]<\/p>","protected":false},"author":4,"featured_media":2189,"comment_status":"open","ping_status":"open","sticky":false,"template":"","format":"standard","meta":{"footnotes":""},"categories":[12],"tags":[],"class_list":["post-2201","post","type-post","status-publish","format-standard","has-post-thumbnail","hentry","category-novosti"],"_links":{"self":[{"href":"https:\/\/stanic.hr\/en\/wp-json\/wp\/v2\/posts\/2201","targetHints":{"allow":["GET"]}}],"collection":[{"href":"https:\/\/stanic.hr\/en\/wp-json\/wp\/v2\/posts"}],"about":[{"href":"https:\/\/stanic.hr\/en\/wp-json\/wp\/v2\/types\/post"}],"author":[{"embeddable":true,"href":"https:\/\/stanic.hr\/en\/wp-json\/wp\/v2\/users\/4"}],"replies":[{"embeddable":true,"href":"https:\/\/stanic.hr\/en\/wp-json\/wp\/v2\/comments?post=2201"}],"version-history":[{"count":14,"href":"https:\/\/stanic.hr\/en\/wp-json\/wp\/v2\/posts\/2201\/revisions"}],"predecessor-version":[{"id":3365,"href":"https:\/\/stanic.hr\/en\/wp-json\/wp\/v2\/posts\/2201\/revisions\/3365"}],"wp:featuredmedia":[{"embeddable":true,"href":"https:\/\/stanic.hr\/en\/wp-json\/wp\/v2\/media\/2189"}],"wp:attachment":[{"href":"https:\/\/stanic.hr\/en\/wp-json\/wp\/v2\/media?parent=2201"}],"wp:term":[{"taxonomy":"category","embeddable":true,"href":"https:\/\/stanic.hr\/en\/wp-json\/wp\/v2\/categories?post=2201"},{"taxonomy":"post_tag","embeddable":true,"href":"https:\/\/stanic.hr\/en\/wp-json\/wp\/v2\/tags?post=2201"}],"curies":[{"name":"wp","href":"https:\/\/api.w.org\/{rel}","templated":true}]}}